{"id":1157,"date":"2025-10-20T02:56:33","date_gmt":"2025-10-20T05:56:33","guid":{"rendered":"https:\/\/autosafe.cl\/contenido\/?p=1157"},"modified":"2025-10-27T17:56:10","modified_gmt":"2025-10-27T20:56:10","slug":"toyota-prepara-gran-sorpresa-el-nuevo-corolla-debuta-en-tokio","status":"publish","type":"post","link":"https:\/\/autosafe.cl\/contenido\/toyota-prepara-gran-sorpresa-el-nuevo-corolla-debuta-en-tokio","title":{"rendered":"<strong>Toyota<\/strong> Prepara <strong>Gran Sorpresa<\/strong>: El <strong>Nuevo Corolla<\/strong> Debuta en Tokio"},"content":{"rendered":"\n<p>El <strong>Japan Mobility Show 2025<\/strong> (Sal\u00f3n de Tokio) abre el <strong>29 de octubre<\/strong>, y <strong><a href=\"https:\/\/toyota.cl\/\" data-type=\"URL\" data-id=\"https:\/\/toyota.cl\/\" target=\"_blank\" rel=\"noreferrer noopener\">Toyota<\/a><\/strong> acaba de confirmar lo que todos esperaban: el <strong>futuro Corolla<\/strong> se presentar\u00e1 como concepto. Un video conmemorativo cierra con la aparici\u00f3n del modelo que revolucionar\u00e1 al <strong>sed\u00e1n m\u00e1s vendido de la historia<\/strong>.<\/p>\n\n\n\n<h2><strong>50 Millones de Razones Para la Expectativa<\/strong><\/h2>\n\n\n\n<p>Desde su debut en <strong>1966<\/strong>, el <strong>Toyota Corolla<\/strong> no es solo un auto: es <strong>el veh\u00edculo m\u00e1s exitoso de la historia<\/strong> con <strong>m\u00e1s de 50 millones de unidades vendidas<\/strong> globalmente. Su f\u00f3rmula de \u00e9xito nunca cambi\u00f3: <strong>confiabilidad, eficiencia y accesibilidad<\/strong>. Tres palabras que lo convirtieron en sin\u00f3nimo de movilidad pr\u00e1ctica y duradera.<\/p>\n\n\n\n<p>Por eso cada nueva generaci\u00f3n del Corolla no es un lanzamiento cualquiera. Es un evento que marca tendencias en la industria automotriz mundial.<\/p>\n\n\n\n<h2><strong>El Video que Desat\u00f3 Todo<\/strong><\/h2>\n\n\n\n<p><strong>Toyota<\/strong> public\u00f3 un video conmemorativo que repasa su historia automotriz. Pero el final es lo que tiene a todos especulando: la <strong>aparici\u00f3n en gloria y majestad<\/strong> del futuro Corolla, con su nombre claramente visible.<\/p>\n\n\n\n<p>El mensaje de <strong>Toyota<\/strong> en su sitio global y redes sociales es intencional: varios detalles permanecen en misterio bajo el lema <strong>&#8220;Movilidad para todos&#8221;<\/strong>. La estrategia de marketing est\u00e1 funcionando: fan\u00e1ticos y especialistas ya est\u00e1n analizando cada fotograma del video.<\/p>\n\n\n\n<figure class=\"wp-block-embed is-type-video is-provider-youtube wp-block-embed-youtube wp-embed-aspect-16-9 wp-has-aspect-ratio\"><div class=\"wp-block-embed__wrapper\">\n<iframe loading=\"lazy\" title=\"\u3010\u30c8\u30e8\u30bf\u4f01\u696d\u5e83\u544a\u3011TO YOU\u7bc7 60\u79d2\" width=\"840\" height=\"473\" src=\"https:\/\/www.youtube.com\/embed\/175wT4xfXhE?start=1&#038;feature=oembed\" frameborder=\"0\" allow=\"accelerometer; autoplay; clipboard-write; encrypted-media; gyroscope; picture-in-picture; web-share\" referrerpolicy=\"strict-origin-when-cross-origin\" allowfullscreen><\/iframe>\n<\/div><\/figure>\n\n\n\n<h2><strong>Lo Que Sabemos del Corolla Concept<\/strong><\/h2>\n\n\n\n<p>Aunque <strong>Toyota<\/strong> mantiene hermetismo oficial, las im\u00e1genes filtradas revelan caracter\u00edsticas clave del <strong>Corolla Concept<\/strong>:<\/p>\n\n\n\n<p>El dise\u00f1o presenta <strong>l\u00edneas marcadas y terminaciones angulosas<\/strong>, alej\u00e1ndose de las formas m\u00e1s suaves de generaciones anteriores. Los <strong>faros LED de alta tecnolog\u00eda<\/strong> dominan el frontal, con una est\u00e9tica que anticipa <strong>aerodin\u00e1mica muy trabajada<\/strong>.<\/p>\n\n\n\n<p>Pero el detalle m\u00e1s revelador est\u00e1 en la <strong>aleta delantera izquierda<\/strong>: una <strong>toma de carga<\/strong> claramente visible. Esto sugiere dos escenarios posibles: podr\u00eda ser un <strong>veh\u00edculo 100% el\u00e9ctrico<\/strong> o un <strong>modelo h\u00edbrido enchufable<\/strong>, marcando el rumbo definitivo de Toyota hacia la movilidad sostenible.<\/p>\n\n\n\n<h2><strong>\u00bfEl\u00e9ctrico o H\u00edbrido?<\/strong><\/h2>\n\n\n\n<p>La presencia de la toma de carga es innegable, pero <strong>Toyota<\/strong> no ha confirmado la motorizaci\u00f3n. Las opciones m\u00e1s probables son:<\/p>\n\n\n\n<p>Un <strong>Corolla totalmente el\u00e9ctrico<\/strong> representar\u00eda un giro hist\u00f3rico para el modelo que siempre prioriz\u00f3 motores de combusti\u00f3n eficientes. Ser\u00eda la apuesta definitiva de Toyota por la electromovilidad en su segmento m\u00e1s ic\u00f3nico.<\/p>\n\n\n\n<p>Un <strong>h\u00edbrido enchufable<\/strong> parece la transici\u00f3n m\u00e1s l\u00f3gica, combinando la tecnolog\u00eda h\u00edbrida en la que Toyota es l\u00edder mundial con la posibilidad de carga externa para trayectos cortos totalmente el\u00e9ctricos.<\/p>\n\n\n\n<p>Dada la estrategia conservadora pero efectiva de <strong>Toyota<\/strong>, un h\u00edbrido enchufable parece m\u00e1s probable para mantener el equilibrio entre innovaci\u00f3n y la base de clientes tradicionales del Corolla.<\/p>\n\n\n\n<h2><strong>El Escenario Perfecto: Japan Mobility Show<\/strong><\/h2>\n\n\n\n<p>El <strong>Sal\u00f3n de Tokio<\/strong> es, sin duda, la vitrina ideal para esta presentaci\u00f3n. Es el evento donde las principales automotrices japonesas concentran sus grandes anuncios, y todas las miradas globales estar\u00e1n puestas en <strong>Toyota<\/strong> el <strong>29 de octubre<\/strong>.<\/p>\n\n\n\n<p>Este no es un sal\u00f3n cualquiera: es donde las marcas japonesas definen el futuro de la movilidad global. Presentar el nuevo Corolla aqu\u00ed le otorga el peso simb\u00f3lico que merece el veh\u00edculo m\u00e1s vendido de la historia.<\/p>\n\n\n\n<h2><strong>A\u00f1os en Desarrollo<\/strong><\/h2>\n\n\n\n<p>El video de <strong>Toyota<\/strong> tiene sentido cuando consideras que esta nueva generaci\u00f3n del Corolla &#8220;lleva a\u00f1os en desarrollo&#8221;, seg\u00fan especialistas de la industria. No se trata de un simple redise\u00f1o: es una reinvenci\u00f3n completa que debe mantener la esencia del modelo mientras abraza tecnolog\u00edas del futuro.<\/p>\n\n\n\n<p>El desaf\u00edo es monumental: \u00bfc\u00f3mo modernizas un \u00edcono sin alienar a millones de propietarios que valoran exactamente lo que el Corolla siempre ha sido?<\/p>\n\n\n\n<h2><strong>&#8220;Movilidad Para Todos&#8221;: M\u00e1s Que un Eslogan<\/strong><\/h2>\n\n\n\n<p>El lema elegido por <strong>Toyota<\/strong> no es casual. &#8220;Movilidad para todos&#8221; refleja la filosof\u00eda hist\u00f3rica del Corolla: ser accesible, confiable y pr\u00e1ctico para el mayor n\u00famero de personas posible.<\/p>\n\n\n\n<p>Si el nuevo Corolla ser\u00e1 el\u00e9ctrico o h\u00edbrido enchufable, este lema sugiere que <strong>Toyota<\/strong> no planea hacerlo prohibitivamente caro. La democratizaci\u00f3n de la tecnolog\u00eda limpia podr\u00eda ser el verdadero mensaje detr\u00e1s del concepto.<\/p>\n\n\n\n<h2><strong>Lo Que Viene Despu\u00e9s de Tokio<\/strong><\/h2>\n\n\n\n<p>El <strong>Corolla Concept<\/strong> presentado el <strong>29 de octubre<\/strong> ser\u00e1 exactamente eso: un concepto. La versi\u00f3n de producci\u00f3n probablemente llegue en <strong>2026 o 2027<\/strong>, despu\u00e9s de ajustes basados en la recepci\u00f3n del p\u00fablico y las condiciones del mercado.<\/p>\n\n\n\n<p>Pero este concepto marcar\u00e1 el camino: dise\u00f1o, tecnolog\u00eda de motorizaci\u00f3n y filosof\u00eda que guiar\u00e1n al Corolla en la pr\u00f3xima d\u00e9cada.<\/p>\n\n\n\n<h2><strong>\u00bfLlegar\u00e1 a Chile?<\/strong><\/h2>\n\n\n\n<p>Considerando que <strong>Chile<\/strong> es un mercado importante para Toyota y el Corolla hist\u00f3ricamente ha sido uno de los modelos m\u00e1s vendidos localmente, es pr\u00e1cticamente seguro que la nueva generaci\u00f3n llegar\u00e1 al pa\u00eds.<\/p>\n\n\n\n<p>La pregunta es cu\u00e1ndo y en qu\u00e9 versiones. Si es h\u00edbrido enchufable, depender\u00e1 de la infraestructura de carga. Si es totalmente el\u00e9ctrico, podr\u00eda demorar m\u00e1s en llegar comparado con mercados m\u00e1s desarrollados.<\/p>\n\n\n\n<hr class=\"wp-block-separator has-alpha-channel-opacity\"\/>\n\n\n\n<h2><strong>\u00bfEsperando el Nuevo Corolla?<\/strong><\/h2>\n\n\n\n<p>Mientras <strong>Toyota<\/strong> revela su futuro en Tokio, si est\u00e1s considerando un <strong>Corolla actual<\/strong> nuevo o usado, la clave es conocer su historial completo antes de decidir.<\/p>\n\n\n\n<p><strong><a rel=\"noreferrer noopener\" href=\"https:\/\/autosafe.cl\/\" data-type=\"URL\" data-id=\"https:\/\/autosafe.cl\/\" target=\"_blank\">Autosafe<\/a><\/strong> verifica cualquier Corolla (o cualquier veh\u00edculo): historial real de mantenimientos, verificaci\u00f3n de kilometraje real vs. reportado, confirmaci\u00f3n de que no sea taxi reconvertido, validaci\u00f3n de todas las transferencias anteriores, y detecci\u00f3n de problemas ocultos por el vendedor. <\/p>\n\n\n\n<p><strong>Porque sea la generaci\u00f3n que sea, un Corolla con historial oculto sigue siendo un problema.<\/strong><\/p>\n\n\n\n<p><\/p>\n","protected":false},"excerpt":{"rendered":"<p>El Japan Mobility Show 2025 (Sal\u00f3n de Tokio) abre el 29 de octubre, y Toyota acaba de confirmar lo que todos esperaban: el futuro [&#8230;]<\/p>\n","protected":false},"author":8,"featured_media":1191,"comment_status":"closed","ping_status":"open","sticky":false,"template":"","format":"standard","meta":[],"categories":[8],"tags":[17,19,18],"_links":{"self":[{"href":"https:\/\/autosafe.cl\/contenido\/wp-json\/wp\/v2\/posts\/1157"}],"collection":[{"href":"https:\/\/autosafe.cl\/contenido\/wp-json\/wp\/v2\/posts"}],"about":[{"href":"https:\/\/autosafe.cl\/contenido\/wp-json\/wp\/v2\/types\/post"}],"author":[{"embeddable":true,"href":"https:\/\/autosafe.cl\/contenido\/wp-json\/wp\/v2\/users\/8"}],"replies":[{"embeddable":true,"href":"https:\/\/autosafe.cl\/contenido\/wp-json\/wp\/v2\/comments?post=1157"}],"version-history":[{"count":4,"href":"https:\/\/autosafe.cl\/contenido\/wp-json\/wp\/v2\/posts\/1157\/revisions"}],"predecessor-version":[{"id":1166,"href":"https:\/\/autosafe.cl\/contenido\/wp-json\/wp\/v2\/posts\/1157\/revisions\/1166"}],"wp:featuredmedia":[{"embeddable":true,"href":"https:\/\/autosafe.cl\/contenido\/wp-json\/wp\/v2\/media\/1191"}],"wp:attachment":[{"href":"https:\/\/autosafe.cl\/contenido\/wp-json\/wp\/v2\/media?parent=1157"}],"wp:term":[{"taxonomy":"category","embeddable":true,"href":"https:\/\/autosafe.cl\/contenido\/wp-json\/wp\/v2\/categories?post=1157"},{"taxonomy":"post_tag","embeddable":true,"href":"https:\/\/autosafe.cl\/contenido\/wp-json\/wp\/v2\/tags?post=1157"}],"curies":[{"name":"wp","href":"https:\/\/api.w.org\/{rel}","templated":true}]}}