{"id":1518,"date":"2026-04-27T11:30:56","date_gmt":"2026-04-27T14:30:56","guid":{"rendered":"https:\/\/autosafe.cl\/contenido\/?p=1518"},"modified":"2026-04-27T11:30:56","modified_gmt":"2026-04-27T14:30:56","slug":"salon-de-beijing-2026-china-redefine-el-mapa-de-la-industria-automotriz","status":"publish","type":"post","link":"https:\/\/autosafe.cl\/contenido\/salon-de-beijing-2026-china-redefine-el-mapa-de-la-industria-automotriz","title":{"rendered":"Sal\u00f3n de Beijing 2026: China redefine el mapa de la industria automotriz"},"content":{"rendered":"\n<p>El Sal\u00f3n de Beijing 2026 marc\u00f3 un punto de inflexi\u00f3n para la industria global. Con <strong>380.000 m\u00b2 de exhibici\u00f3n<\/strong> y m\u00e1s de <strong>1.000 veh\u00edculos presentados<\/strong>, el evento dej\u00f3 de ser una vitrina emergente para consolidarse como el nuevo centro donde se define el futuro del sector.<\/p>\n\n\n\n<h2>China como eje de la industria global<\/h2>\n\n\n\n<p>El evento evidenci\u00f3 un cambio estructural:<br>China ya no es solo un gran mercado, sino un <strong>centro de desarrollo tecnol\u00f3gico y productivo<\/strong>.<\/p>\n\n\n<div class=\"wp-block-image\">\n<figure class=\"alignright size-large is-resized\"><img decoding=\"async\" loading=\"lazy\" src=\"https:\/\/autosafe.cl\/wp-content\/uploads\/2026\/04\/1.-OMODA-C4-BEIJING-scaled-1-1024x576.webp\" alt=\"\" class=\"wp-image-1522\" width=\"449\" height=\"253\" srcset=\"https:\/\/autosafe.cl\/wp-content\/uploads\/2026\/04\/1.-OMODA-C4-BEIJING-scaled-1-1024x576.webp 1024w, https:\/\/autosafe.cl\/wp-content\/uploads\/2026\/04\/1.-OMODA-C4-BEIJING-scaled-1-300x169.webp 300w, https:\/\/autosafe.cl\/wp-content\/uploads\/2026\/04\/1.-OMODA-C4-BEIJING-scaled-1-768x432.webp 768w, https:\/\/autosafe.cl\/wp-content\/uploads\/2026\/04\/1.-OMODA-C4-BEIJING-scaled-1.webp 1536w\" sizes=\"(max-width: 449px) 100vw, 449px\" \/><\/figure><\/div>\n\n\n<ul>\n<li>Marcas occidentales desarrollan modelos espec\u00edficos para este mercado<\/li>\n\n\n\n<li>Volkswagen anunci\u00f3 una ofensiva de veh\u00edculos electrificados locales<\/li>\n\n\n\n<li>Hyundai y Nissan presentaron autos dise\u00f1ados para el consumidor chino<\/li>\n<\/ul>\n\n\n\n<p>Mientras tanto, los fabricantes locales contin\u00faan ampliando su ventaja en electrificaci\u00f3n, software y plataformas.<\/p>\n\n\n\n<h2>OMODA | JAECOO y su enfoque tecnol\u00f3gico<\/h2>\n\n\n\n<p>Uno de los protagonistas fue OMODA | JAECOO:<\/p>\n\n\n<div class=\"wp-block-image\">\n<figure class=\"alignleft size-large is-resized\"><img decoding=\"async\" loading=\"lazy\" src=\"https:\/\/autosafe.cl\/wp-content\/uploads\/2026\/04\/image-1024x683.webp\" alt=\"\" class=\"wp-image-1523\" width=\"444\" height=\"295\" srcset=\"https:\/\/autosafe.cl\/wp-content\/uploads\/2026\/04\/image-1024x683.webp 1024w, https:\/\/autosafe.cl\/wp-content\/uploads\/2026\/04\/image-300x200.webp 300w, https:\/\/autosafe.cl\/wp-content\/uploads\/2026\/04\/image-768x512.webp 768w, https:\/\/autosafe.cl\/wp-content\/uploads\/2026\/04\/image-840x560.webp 840w, https:\/\/autosafe.cl\/wp-content\/uploads\/2026\/04\/image-120x80.webp 120w, https:\/\/autosafe.cl\/wp-content\/uploads\/2026\/04\/image-360x240.webp 360w, https:\/\/autosafe.cl\/wp-content\/uploads\/2026\/04\/image-600x400.webp 600w, https:\/\/autosafe.cl\/wp-content\/uploads\/2026\/04\/image.webp 1199w\" sizes=\"(max-width: 444px) 100vw, 444px\" \/><\/figure><\/div>\n\n\n<ul>\n<li>Debut del OMODA C4<\/li>\n\n\n\n<li>Integraci\u00f3n de inteligencia artificial en la cabina<\/li>\n\n\n\n<li>Alto nivel de personalizaci\u00f3n digital<\/li>\n\n\n\n<li>Pruebas de modelos h\u00edbridos y estacionamiento aut\u00f3nomo<\/li>\n\n\n\n<li>Uso de robots humanoides en puntos de venta<\/li>\n<\/ul>\n\n\n\n<p>La marca refuerza as\u00ed su posicionamiento como empresa tecnol\u00f3gica m\u00e1s que solo automotriz.<\/p>\n\n\n\n<h2>Una oferta amplia y competitiva<\/h2>\n\n\n\n<p>El sal\u00f3n destac\u00f3 por su diversidad:<\/p>\n\n\n<div class=\"wp-block-image\">\n<figure class=\"alignright size-large is-resized\"><img decoding=\"async\" loading=\"lazy\" src=\"https:\/\/autosafe.cl\/wp-content\/uploads\/2026\/04\/PRESENTACION-BAIC-SALON-1024x576.webp\" alt=\"\" class=\"wp-image-1525\" width=\"484\" height=\"272\" srcset=\"https:\/\/autosafe.cl\/wp-content\/uploads\/2026\/04\/PRESENTACION-BAIC-SALON-1024x576.webp 1024w, https:\/\/autosafe.cl\/wp-content\/uploads\/2026\/04\/PRESENTACION-BAIC-SALON-300x169.webp 300w, https:\/\/autosafe.cl\/wp-content\/uploads\/2026\/04\/PRESENTACION-BAIC-SALON-768x432.webp 768w, https:\/\/autosafe.cl\/wp-content\/uploads\/2026\/04\/PRESENTACION-BAIC-SALON.webp 1386w\" sizes=\"(max-width: 484px) 100vw, 484px\" \/><\/figure><\/div>\n\n\n<ul>\n<li>BYD ampli\u00f3 su gama con SUV el\u00e9ctricos y modelos de alto rendimiento<\/li>\n\n\n\n<li>Xpeng y Li Auto consolidaron su oferta familiar el\u00e9ctrica<\/li>\n\n\n\n<li>Nuevas marcas emergen con foco en conectividad y conducci\u00f3n aut\u00f3noma<\/li>\n<\/ul>\n\n\n\n<p>Tambi\u00e9n participaron fabricantes tradicionales como BMW, Honda y MINI.<\/p>\n\n\n\n<h2>Electrificaci\u00f3n sin l\u00edmites<\/h2>\n\n\n\n<p>La movilidad el\u00e9ctrica se expande a nuevos segmentos:<\/p>\n\n\n\n<ul>\n<li>BAIC present\u00f3 un todoterreno con autonom\u00eda extendida<\/li>\n\n\n\n<li>La electrificaci\u00f3n ya no se limita al uso urbano, llegando incluso al off-road<\/li>\n<\/ul>\n\n\n\n<h2>Europa se adapta al nuevo escenario<\/h2>\n\n\n<div class=\"wp-block-image\">\n<figure class=\"alignleft size-large is-resized\"><img decoding=\"async\" loading=\"lazy\" src=\"https:\/\/autosafe.cl\/wp-content\/uploads\/2026\/04\/LEPAS-L6-scaled-1-1024x683.webp\" alt=\"\" class=\"wp-image-1529\" width=\"453\" height=\"301\" srcset=\"https:\/\/autosafe.cl\/wp-content\/uploads\/2026\/04\/LEPAS-L6-scaled-1-1024x683.webp 1024w, https:\/\/autosafe.cl\/wp-content\/uploads\/2026\/04\/LEPAS-L6-scaled-1-300x200.webp 300w, https:\/\/autosafe.cl\/wp-content\/uploads\/2026\/04\/LEPAS-L6-scaled-1-840x560.webp 840w, https:\/\/autosafe.cl\/wp-content\/uploads\/2026\/04\/LEPAS-L6-scaled-1-120x80.webp 120w, https:\/\/autosafe.cl\/wp-content\/uploads\/2026\/04\/LEPAS-L6-scaled-1-360x240.webp 360w, https:\/\/autosafe.cl\/wp-content\/uploads\/2026\/04\/LEPAS-L6-scaled-1-600x400.webp 600w, https:\/\/autosafe.cl\/wp-content\/uploads\/2026\/04\/LEPAS-L6-scaled-1.webp 1536w\" sizes=\"(max-width: 453px) 100vw, 453px\" \/><\/figure><\/div>\n\n\n<p>Las marcas europeas est\u00e1n ajustando su estrategia:<\/p>\n\n\n\n<ul>\n<li>Peugeot present\u00f3 prototipos desarrollados en China<\/li>\n<\/ul>\n\n\n\n<p>El mensaje es claro: China se posiciona como un <strong>hub de innovaci\u00f3n global<\/strong>.<\/p>\n\n\n\n<h2>Nuevas marcas con ambici\u00f3n internacional<\/h2>\n\n\n\n<p>El sal\u00f3n tambi\u00e9n mostr\u00f3 nuevas submarcas como LEPAS:<\/p>\n\n\n\n<ul>\n<li>Plataformas multienerg\u00eda<\/li>\n\n\n\n<li>Enfoque en mercados globales<\/li>\n\n\n\n<li>Combinaci\u00f3n de dise\u00f1o, tecnolog\u00eda y distintas motorizaciones<\/li>\n<\/ul>\n\n\n\n<h2>Inteligencia artificial como protagonista<\/h2>\n\n\n\n<p>La inteligencia artificial atraviesa toda la industria:<\/p>\n\n\n\n<ul>\n<li>Sistemas avanzados de asistencia<\/li>\n\n\n\n<li>Cabinas digitales inteligentes<\/li>\n\n\n\n<li>Desarrollo de chips y software propio<\/li>\n<\/ul>\n\n\n\n<p>Fabricantes como Nio lideran este avance, junto a empresas tecnol\u00f3gicas.<\/p>\n\n\n\n<h2>Conclusi\u00f3n<\/h2>\n\n\n\n<p>El Sal\u00f3n de Beijing 2026 confirma que la industria automotriz ya est\u00e1 en plena transformaci\u00f3n.<\/p>\n\n\n\n<p>China no solo lidera en volumen, sino tambi\u00e9n en innovaci\u00f3n, obligando a fabricantes globales a adaptarse a un nuevo escenario donde:<\/p>\n\n\n<div class=\"wp-block-image\">\n<figure class=\"alignright size-large is-resized\"><img decoding=\"async\" loading=\"lazy\" src=\"https:\/\/autosafe.cl\/wp-content\/uploads\/2026\/04\/Concept-Cars-6-y-8-1-edited.webp\" alt=\"\" class=\"wp-image-1531\" width=\"429\" height=\"321\" srcset=\"https:\/\/autosafe.cl\/wp-content\/uploads\/2026\/04\/Concept-Cars-6-y-8-1-edited.webp 1106w, https:\/\/autosafe.cl\/wp-content\/uploads\/2026\/04\/Concept-Cars-6-y-8-1-edited-300x225.webp 300w, https:\/\/autosafe.cl\/wp-content\/uploads\/2026\/04\/Concept-Cars-6-y-8-1-edited-1024x768.webp 1024w, https:\/\/autosafe.cl\/wp-content\/uploads\/2026\/04\/Concept-Cars-6-y-8-1-edited-768x576.webp 768w, https:\/\/autosafe.cl\/wp-content\/uploads\/2026\/04\/Concept-Cars-6-y-8-1-edited-320x240.webp 320w\" sizes=\"(max-width: 429px) 100vw, 429px\" \/><\/figure><\/div>\n\n\n<ul>\n<li>La electrificaci\u00f3n<\/li>\n\n\n\n<li>El software<\/li>\n\n\n\n<li>Y la inteligencia artificial<\/li>\n<\/ul>\n\n\n\n<p>definen el futuro del sector.<\/p>\n\n\n\n<p>La gran pregunta ya no es si este cambio ocurrir\u00e1, sino <strong>qu\u00e9 tan r\u00e1pido el resto del mundo podr\u00e1 seguirle el ritmo a China<\/strong>.<\/p>\n","protected":false},"excerpt":{"rendered":"<p>El Sal\u00f3n de Beijing 2026 marc\u00f3 un punto de inflexi\u00f3n para la industria global. Con 380.000 m\u00b2 de exhibici\u00f3n y m\u00e1s de 1.000 veh\u00edculos [&#8230;]<\/p>\n","protected":false},"author":9,"featured_media":1519,"comment_status":"closed","ping_status":"open","sticky":false,"template":"","format":"standard","meta":[],"categories":[1],"tags":[17,19,18,77,37],"_links":{"self":[{"href":"https:\/\/autosafe.cl\/contenido\/wp-json\/wp\/v2\/posts\/1518"}],"collection":[{"href":"https:\/\/autosafe.cl\/contenido\/wp-json\/wp\/v2\/posts"}],"about":[{"href":"https:\/\/autosafe.cl\/contenido\/wp-json\/wp\/v2\/types\/post"}],"author":[{"embeddable":true,"href":"https:\/\/autosafe.cl\/contenido\/wp-json\/wp\/v2\/users\/9"}],"replies":[{"embeddable":true,"href":"https:\/\/autosafe.cl\/contenido\/wp-json\/wp\/v2\/comments?post=1518"}],"version-history":[{"count":5,"href":"https:\/\/autosafe.cl\/contenido\/wp-json\/wp\/v2\/posts\/1518\/revisions"}],"predecessor-version":[{"id":1533,"href":"https:\/\/autosafe.cl\/contenido\/wp-json\/wp\/v2\/posts\/1518\/revisions\/1533"}],"wp:featuredmedia":[{"embeddable":true,"href":"https:\/\/autosafe.cl\/contenido\/wp-json\/wp\/v2\/media\/1519"}],"wp:attachment":[{"href":"https:\/\/autosafe.cl\/contenido\/wp-json\/wp\/v2\/media?parent=1518"}],"wp:term":[{"taxonomy":"category","embeddable":true,"href":"https:\/\/autosafe.cl\/contenido\/wp-json\/wp\/v2\/categories?post=1518"},{"taxonomy":"post_tag","embeddable":true,"href":"https:\/\/autosafe.cl\/contenido\/wp-json\/wp\/v2\/tags?post=1518"}],"curies":[{"name":"wp","href":"https:\/\/api.w.org\/{rel}","templated":true}]}}