{"id":1421,"date":"2026-03-06T15:42:55","date_gmt":"2026-03-06T18:42:55","guid":{"rendered":"https:\/\/autosafe.cl\/contenido\/?p=1421"},"modified":"2026-03-06T15:42:55","modified_gmt":"2026-03-06T18:42:55","slug":"la-formula-1-2026-arranca-en-australia-con-nuevos-autos-cambios-tecnicos-y-un-campeonato-lleno-de-incognitas","status":"publish","type":"post","link":"https:\/\/autosafe.cl\/contenido\/la-formula-1-2026-arranca-en-australia-con-nuevos-autos-cambios-tecnicos-y-un-campeonato-lleno-de-incognitas","title":{"rendered":"<strong>La F\u00f3rmula 1 2026 arranca en Australia con nuevos autos, cambios t\u00e9cnicos y un campeonato lleno de inc\u00f3gnitas<\/strong>"},"content":{"rendered":"\n<p>La F\u00f3rmula 1 abre oficialmente su temporada 2026 este fin de semana con el <strong>Gran Premio de Australia<\/strong> en el circuito de <strong>Albert Park, en Melbourne<\/strong>, dando inicio a un campeonato que marca una nueva era para la categor\u00eda.<\/p>\n\n\n\n<p>La actividad comenz\u00f3 este viernes con las primeras pr\u00e1cticas libres y pone en marcha un calendario que llega cargado de cambios t\u00e9cnicos, nuevas escuder\u00edas y una parrilla que buscar\u00e1 destronar al actual campe\u00f3n del mundo, <strong>Lando Norris<\/strong>, y al equipo dominante de la temporada pasada, <strong>McLaren<\/strong>.<\/p>\n\n\n\n<p>El piloto brit\u00e1nico llega como defensor del t\u00edtulo tras consagrarse en 2025 luego de una intensa batalla con <strong>Max Verstappen<\/strong> y su propio compa\u00f1ero de equipo, <strong>Oscar Piastri<\/strong>. McLaren tambi\u00e9n inicia el a\u00f1o como campe\u00f3n de constructores, aunque dentro del equipo reconocen que la competencia podr\u00eda ser m\u00e1s cerrada desde el comienzo, especialmente frente a rivales como <strong>Mercedes<\/strong> y <strong>Ferrari<\/strong>.<\/p>\n\n\n\n<h3>Nuevos equipos en la parrilla<\/h3>\n\n\n\n<p>La temporada 2026 tambi\u00e9n marca la llegada de <strong>dos nuevas escuder\u00edas<\/strong> a la categor\u00eda: <strong>Cadillac<\/strong> y <strong>Audi<\/strong>.<\/p>\n\n\n\n<p>Aunque no se espera que peleen inmediatamente por los primeros puestos, la presencia de marcas con tanto peso hist\u00f3rico genera grandes expectativas dentro del paddock. El desaf\u00edo principal para ambas ser\u00e1 demostrar progresos constantes a lo largo del campeonato.<\/p>\n\n\n\n<h3>Una revoluci\u00f3n t\u00e9cnica<\/h3>\n\n\n\n<p>Uno de los aspectos m\u00e1s destacados del nuevo campeonato es el <strong>cambio reglamentario<\/strong>, considerado uno de los m\u00e1s importantes de las \u00faltimas d\u00e9cadas.<\/p>\n\n\n\n<p>Las unidades de potencia mantendr\u00e1n el motor <strong>V6 turbo h\u00edbrido<\/strong>, pero con un protagonismo mucho mayor del sistema el\u00e9ctrico. La distribuci\u00f3n energ\u00e9tica ser\u00e1 pr\u00e1cticamente equilibrada: <strong>50 % proveniente del motor de combusti\u00f3n y 50 % de energ\u00eda el\u00e9ctrica<\/strong>, lo que obligar\u00e1 a los pilotos a gestionar con mayor precisi\u00f3n la bater\u00eda y los sistemas de recuperaci\u00f3n de energ\u00eda.<\/p>\n\n\n\n<p>Adem\u00e1s, la F\u00f3rmula 1 introduce <strong>combustible 100 % sostenible<\/strong>, elaborado a partir de fuentes no alimentarias, residuos o carbono capturado de la atm\u00f3sfera. Con esta medida, la categor\u00eda busca reducir su huella ambiental sin comprometer el rendimiento de los monoplazas.<\/p>\n\n\n\n<h3>Autos m\u00e1s peque\u00f1os y ligeros<\/h3>\n\n\n\n<p>El reglamento tambi\u00e9n trae cambios importantes en el dise\u00f1o de los coches. Los nuevos monoplazas ser\u00e1n <strong>m\u00e1s compactos y livianos<\/strong>:<\/p>\n\n\n\n<ul>\n<li>El peso se reducir\u00e1 en <strong>30 kilogramos<\/strong>, pasando a <strong>768 kg<\/strong>.<\/li>\n\n\n\n<li>La <strong>longitud ser\u00e1 200 mm menor<\/strong>.<\/li>\n\n\n\n<li>El <strong>ancho disminuir\u00e1 en 100 mm<\/strong>.<\/li>\n<\/ul>\n\n\n\n<p>Tambi\u00e9n se modifican los neum\u00e1ticos suministrados por <strong>Pirelli<\/strong>: los delanteros ser\u00e1n <strong>25 mm m\u00e1s estrechos<\/strong> y los traseros <strong>30 mm m\u00e1s angostos<\/strong>.<\/p>\n\n\n\n<h3>Adi\u00f3s al DRS<\/h3>\n\n\n\n<p>Uno de los cambios m\u00e1s relevantes es la <strong>eliminaci\u00f3n del DRS<\/strong>, el sistema que desde 2011 permit\u00eda abrir el aler\u00f3n trasero para facilitar los adelantamientos.<\/p>\n\n\n\n<p>En su lugar debutar\u00e1 un sistema de <strong>aerodin\u00e1mica activa<\/strong>, conocido como <strong>overdrive<\/strong>, que permitir\u00e1 modificar la configuraci\u00f3n de los alerones seg\u00fan el momento de la vuelta.<\/p>\n\n\n<div class=\"wp-block-image\">\n<figure class=\"alignright size-large is-resized\"><img decoding=\"async\" loading=\"lazy\" src=\"https:\/\/autosafe.cl\/wp-content\/uploads\/2026\/03\/mclaren_auto_5_b1bf76fe-fe06-486c-bb60-02fc447ab53e-1024x683.webp\" alt=\"\" class=\"wp-image-1424\" width=\"635\" height=\"422\" srcset=\"https:\/\/autosafe.cl\/wp-content\/uploads\/2026\/03\/mclaren_auto_5_b1bf76fe-fe06-486c-bb60-02fc447ab53e-300x200.webp 300w, https:\/\/autosafe.cl\/wp-content\/uploads\/2026\/03\/mclaren_auto_5_b1bf76fe-fe06-486c-bb60-02fc447ab53e-768x512.webp 768w, https:\/\/autosafe.cl\/wp-content\/uploads\/2026\/03\/mclaren_auto_5_b1bf76fe-fe06-486c-bb60-02fc447ab53e-840x560.webp 840w, https:\/\/autosafe.cl\/wp-content\/uploads\/2026\/03\/mclaren_auto_5_b1bf76fe-fe06-486c-bb60-02fc447ab53e-120x80.webp 120w, https:\/\/autosafe.cl\/wp-content\/uploads\/2026\/03\/mclaren_auto_5_b1bf76fe-fe06-486c-bb60-02fc447ab53e-360x240.webp 360w, https:\/\/autosafe.cl\/wp-content\/uploads\/2026\/03\/mclaren_auto_5_b1bf76fe-fe06-486c-bb60-02fc447ab53e-600x400.webp 600w, https:\/\/autosafe.cl\/wp-content\/uploads\/2026\/03\/mclaren_auto_5_b1bf76fe-fe06-486c-bb60-02fc447ab53e.webp 1200w\" sizes=\"(max-width: 635px) 100vw, 635px\" \/><\/figure><\/div>\n\n\n<p>El sistema contar\u00e1 con dos modos principales:<\/p>\n\n\n\n<ul>\n<li><strong>Modo X<\/strong>, pensado para las rectas y orientado a maximizar la velocidad.<\/li>\n\n\n\n<li><strong>Modo Z<\/strong>, dise\u00f1ado para curvas y enfocado en aumentar la carga aerodin\u00e1mica.<\/li>\n<\/ul>\n\n\n\n<p>Varios pilotos han advertido que adaptarse a estas nuevas tecnolog\u00edas ser\u00e1 complejo. <strong>Lewis Hamilton<\/strong>, por ejemplo, asegur\u00f3 que esta transici\u00f3n podr\u00eda convertirse en una de las m\u00e1s exigentes que haya enfrentado la F\u00f3rmula 1 en los \u00faltimos a\u00f1os.<\/p>\n\n\n\n<h3>Una pretemporada con muchas dudas<\/h3>\n\n\n\n<p>Los test de invierno no dejaron un favorito claro. Algunos an\u00e1lisis sugieren que <strong>Mercedes<\/strong> y <strong>Ferrari<\/strong> podr\u00edan haber dado un paso adelante en rendimiento, mientras que <strong>McLaren<\/strong> y <strong>Red Bull<\/strong> intentar\u00e1n mantenerse en la lucha desde el inicio del campeonato.<\/p>\n\n\n\n<p>El cambio de reglamento suele alterar el orden competitivo, por lo que varios pilotos coinciden en que podr\u00edan necesitarse <strong>varias carreras para comprender completamente el comportamiento de los nuevos autos<\/strong>.<\/p>\n\n\n\n<h3>Incertidumbre tambi\u00e9n fuera de la pista<\/h3>\n\n\n\n<p>El campeonato tambi\u00e9n arranca en medio de un contexto internacional complejo. La escalada del conflicto entre <strong>Estados Unidos, Israel e Ir\u00e1n<\/strong> ha generado preocupaci\u00f3n sobre algunas carreras en Medio Oriente, especialmente los Grandes Premios de <strong>Bahrein<\/strong> y <strong>Arabia Saudita<\/strong>, previstos para abril.<\/p>\n\n\n\n<p>Por ahora el calendario se mantiene sin cambios, aunque la situaci\u00f3n contin\u00faa siendo monitoreada por los organizadores.<\/p>\n\n\n\n<h3>Los equipos y pilotos de la temporada 2026<\/h3>\n\n\n\n<p><strong>McLaren<\/strong><\/p>\n\n\n\n<ul>\n<li>Lando Norris<\/li>\n\n\n\n<li>Oscar Piastri<\/li>\n<\/ul>\n\n\n\n<p><strong>Ferrari<\/strong><\/p>\n\n\n\n<ul>\n<li>Charles Leclerc<\/li>\n\n\n\n<li>Lewis Hamilton<\/li>\n<\/ul>\n\n\n\n<p><strong>Red Bull<\/strong><\/p>\n\n\n\n<ul>\n<li>Max Verstappen<\/li>\n\n\n\n<li>Isack Hadjar<\/li>\n<\/ul>\n\n\n\n<p><strong>Aston Martin<\/strong><\/p>\n\n\n\n<ul>\n<li>Fernando Alonso<\/li>\n\n\n\n<li>Lance Stroll<\/li>\n<\/ul>\n\n\n\n<p><strong>Mercedes<\/strong><\/p>\n\n\n\n<ul>\n<li>George Russell<\/li>\n\n\n\n<li>Andrea Kimi Antonelli<\/li>\n<\/ul>\n\n\n\n<p><strong>Alpine<\/strong><\/p>\n\n\n\n<ul>\n<li>Pierre Gasly<\/li>\n\n\n\n<li>Franco Colapinto\n<ul><\/ul>\n<\/li>\n<\/ul>\n\n\n\n<p><strong>Haas<\/strong><\/p>\n\n\n\n<ul>\n<li>Oliver Bearman<\/li>\n\n\n\n<li>Esteban Ocon<\/li>\n<\/ul>\n\n\n\n<p><strong>Williams<\/strong><\/p>\n\n\n\n<ul>\n<li>Alexander Albon<\/li>\n\n\n\n<li>Carlos Sainz<\/li>\n<\/ul>\n\n\n\n<p><strong>Racing Bulls<\/strong><\/p>\n\n\n\n<ul>\n<li>Liam Lawson<\/li>\n\n\n\n<li>Arvid Lindblad<\/li>\n<\/ul>\n\n\n\n<p><strong>Cadillac<\/strong><\/p>\n\n\n\n<ul>\n<li>Valtteri Bottas<\/li>\n\n\n\n<li>Sergio P\u00e9rez<\/li>\n<\/ul>\n\n\n\n<p><strong>Audi<\/strong><\/p>\n\n\n\n<ul>\n<li>Nico H\u00fclkenberg<\/li>\n\n\n\n<li>Gabriel Bortoleto<\/li>\n<\/ul>\n\n\n\n<h3>Calendario de la F\u00f3rmula 1 2026<\/h3>\n\n\n\n<p>El campeonato contar\u00e1 con <strong>24 Grandes Premios<\/strong> a lo largo del a\u00f1o:<\/p>\n\n\n\n<ul>\n<li>6\u20138 marzo: Australia (Melbourne)<\/li>\n\n\n\n<li>13\u201315 marzo: China (Shangh\u00e1i)*<\/li>\n\n\n\n<li>27\u201329 marzo: Jap\u00f3n (Suzuka)<\/li>\n\n\n\n<li>10\u201312 abril: Bahrein (Sakhir)<\/li>\n\n\n\n<li>17\u201319 abril: Arabia Saudita (Yedda)<\/li>\n\n\n\n<li>1\u20133 mayo: Estados Unidos (Miami)*<\/li>\n\n\n\n<li>22\u201324 mayo: Canad\u00e1 (Montreal)*<\/li>\n\n\n\n<li>5\u20137 junio: M\u00f3naco<\/li>\n\n\n\n<li>12\u201314 junio: Espa\u00f1a (Barcelona)<\/li>\n\n\n\n<li>26\u201328 junio: Austria (Spielberg)<\/li>\n\n\n\n<li>3\u20135 julio: Gran Breta\u00f1a (Silverstone)*<\/li>\n\n\n\n<li>17\u201319 julio: B\u00e9lgica (Spa-Francorchamps)<\/li>\n\n\n\n<li>24\u201326 julio: Hungr\u00eda (Budapest)<\/li>\n\n\n\n<li>21\u201323 agosto: Pa\u00edses Bajos (Zandvoort)*<\/li>\n\n\n\n<li>4\u20136 septiembre: Italia (Monza)<\/li>\n\n\n\n<li>11\u201313 septiembre: Espa\u00f1a (Madrid)*<\/li>\n\n\n\n<li>24\u201326 septiembre: Azerbaiy\u00e1n (Bak\u00fa)<\/li>\n\n\n\n<li>9\u201311 octubre: Singapur*<\/li>\n\n\n\n<li>23\u201325 octubre: Estados Unidos (Austin)<\/li>\n\n\n\n<li>30 octubre\u20131 noviembre: M\u00e9xico (Ciudad de M\u00e9xico)<\/li>\n\n\n\n<li>6\u20138 noviembre: Brasil (S\u00e3o Paulo)<\/li>\n\n\n\n<li>19\u201321 noviembre: Estados Unidos (Las Vegas)<\/li>\n\n\n\n<li>27\u201329 noviembre: Qatar (Losail)<\/li>\n\n\n\n<li>4\u20136 diciembre: Abu Dhabi (Yas Marina)<\/li>\n<\/ul>\n\n\n\n<p>*Eventos con carrera sprint.<\/p>\n\n\n\n<p>Con nuevos autos, tecnolog\u00edas in\u00e9ditas y dos equipos debutantes, la temporada 2026 promete ser una de las <strong>m\u00e1s impredecibles de los \u00faltimos a\u00f1os<\/strong>, en una F\u00f3rmula 1 que inicia una etapa completamente renovada.<\/p>\n","protected":false},"excerpt":{"rendered":"<p>La F\u00f3rmula 1 abre oficialmente su temporada 2026 este fin de semana con el Gran Premio de Australia en el circuito de Albert Park, [&#8230;]<\/p>\n","protected":false},"author":9,"featured_media":1422,"comment_status":"closed","ping_status":"open","sticky":false,"template":"","format":"standard","meta":[],"categories":[1],"tags":[17,64,18,63],"_links":{"self":[{"href":"https:\/\/autosafe.cl\/contenido\/wp-json\/wp\/v2\/posts\/1421"}],"collection":[{"href":"https:\/\/autosafe.cl\/contenido\/wp-json\/wp\/v2\/posts"}],"about":[{"href":"https:\/\/autosafe.cl\/contenido\/wp-json\/wp\/v2\/types\/post"}],"author":[{"embeddable":true,"href":"https:\/\/autosafe.cl\/contenido\/wp-json\/wp\/v2\/users\/9"}],"replies":[{"embeddable":true,"href":"https:\/\/autosafe.cl\/contenido\/wp-json\/wp\/v2\/comments?post=1421"}],"version-history":[{"count":3,"href":"https:\/\/autosafe.cl\/contenido\/wp-json\/wp\/v2\/posts\/1421\/revisions"}],"predecessor-version":[{"id":1427,"href":"https:\/\/autosafe.cl\/contenido\/wp-json\/wp\/v2\/posts\/1421\/revisions\/1427"}],"wp:featuredmedia":[{"embeddable":true,"href":"https:\/\/autosafe.cl\/contenido\/wp-json\/wp\/v2\/media\/1422"}],"wp:attachment":[{"href":"https:\/\/autosafe.cl\/contenido\/wp-json\/wp\/v2\/media?parent=1421"}],"wp:term":[{"taxonomy":"category","embeddable":true,"href":"https:\/\/autosafe.cl\/contenido\/wp-json\/wp\/v2\/categories?post=1421"},{"taxonomy":"post_tag","embeddable":true,"href":"https:\/\/autosafe.cl\/contenido\/wp-json\/wp\/v2\/tags?post=1421"}],"curies":[{"name":"wp","href":"https:\/\/api.w.org\/{rel}","templated":true}]}}